{"id":199,"date":"2025-10-27T14:22:56","date_gmt":"2025-10-27T12:22:56","guid":{"rendered":"http:\/\/www.energia.es\/?p=199"},"modified":"2025-10-27T14:22:58","modified_gmt":"2025-10-27T12:22:58","slug":"almacenamiento-energetico","status":"publish","type":"post","link":"https:\/\/www.energia.es\/?p=199","title":{"rendered":"Almacenamiento energ\u00e9tico"},"content":{"rendered":"<p>Almacenar energ\u00eda\u00a0 no es dif\u00edcil, lo dif\u00edcil es hacerlo durante suficiente tiempo y con una buena eficiencia.<\/p>\n<p>Una presa, como ejemplo, es un sistema de almacenamiento de energ\u00eda, cuando el agua llega a la cota superior por medios naturales, la eficiencia con la que se obtiene energ\u00eda es alta, y solo contar\u00e1 como p\u00e9rdida la del sistema de producci\u00f3n y transporte.<\/p>\n<p>Cuando ese agua ha llegado a la cota de trabajo por un rebombeo, usando energ\u00edas renovables o de otra procedencia, la eficiencia es vital.<\/p>\n<p>Muchas veces he o\u00eddo que si es de procedencia renovable, entonces la energ\u00eda es casi gratis, muy lejos de la verdad, la energ\u00eda procedente de las renovables tiene un coste, relacionado evidentemente con lo que se invirti\u00f3 en su construcci\u00f3n y en la forma en la que se ha financiado.<\/p>\n<p>En una isla, donde la electricidad sobrante de renovables se emplea para bombear agua a una cota superior, los costes de instalaci\u00f3n igual se ven compensados con costes ambientales o de transporte de combustible, pero en la Pen\u00ednsula, solo en el caso de que la alternativa fuese una desconexi\u00f3n de aerogeneradores o plantas fotovoltaicas ser\u00eda rentable (sin contar con las nucleares).<\/p>\n<p>En un mercado competitivo y con precios horarios, la instalaci\u00f3n masiva de plantas solares har\u00eda que el precio de la electricidad durante esas horas fuese muy bajo, si hablamos de instalaciones caseras sin almacenamiento, estar\u00edamos ahorrando dinero en unas horas donde el precio es muy bajo, y por lo tanto los plazos de amortizaci\u00f3n de la instalaci\u00f3n se hacen muy grandes, en el caso de grandes instalaciones que fuesen a mercado, el bajo precio las har\u00eda ruinosas.<\/p>\n<p>Como problema a\u00f1adido, el precio bajo har\u00eda que otras tecnolog\u00edas no fueran competitivas en horario solar, lo que podr\u00eda producir un aumento de precios fuera de ese horario para compensar las horas no trabajadas o trabajadas a baja carga.<\/p>\n<p>Indica esta reflexi\u00f3n, bastante l\u00edmite por cierto, que la base de renovables debe contar con el m\u00e1ximo n\u00famero de tecnolog\u00edas diferentes, que puedan operar, si es posible, a distintos rangos horarios o, como pasa con la e\u00f3lica, con una cantidad de horas no dependiente de la posici\u00f3n del sol.<\/p>\n<p>La alternativa del almacenamiento se torna casi obligaci\u00f3n en estos casos, producir energ\u00eda en unas horas del d\u00eda para poder consumirla o inyectarla a otra hora, cuando el precio sea lo suficientemente alto para que compense la instalaci\u00f3n de las mismas.<\/p>\n<p>Esto es importante, es la diferencia entre el precio al que inyectas y el precio al que has almacenado el que hace que la instalaci\u00f3n se pague as\u00ed misma.<\/p>\n<p>Si las grandes plantas fotovoltaicas fuesen a mercado y tuvieran almacenamiento, la curva de precio de mercado\u00a0ir\u00eda tendiendo a volverse cada vez m\u00e1s horizontal, y los m\u00e1rgenes entre precios de carga y descarga, cada vez m\u00e1s peque\u00f1os.<\/p>\n<p>El propio uso de almacenamiento homogeneizar\u00eda los precios de la energ\u00eda, pero a su vez, har\u00eda cada vez menos rentable almacenar energ\u00eda, pero a su vez tambi\u00e9n, plantas que no tuviesen almacenamiento podr\u00edan inyectar a un precio m\u00e1s alto, ya que otras desviar\u00edan la energ\u00eda de unas horas a otras.<\/p>\n<p>El almacenamiento tiene otras ventajas, ya sea para consumidores o para el sistema el\u00e9ctrico en general, permite suavizar picos de demanda o producci\u00f3n, permite control de frecuencia, control de rampas de carga y descarga, permite ahorro en infraestructuras nuevas cuando en un nodo de la red con demandas altas puntuales se puede inyectar energ\u00eda desde almacenamientos para cubrir esos picos, sin tener que aumentar las l\u00edneas de conexi\u00f3n y el entramado del nodo.<\/p>\n<p>Almacenar energ\u00eda con bajo coste de producci\u00f3n para inyectarla cuando cuesta m\u00e1s hacerlo, este es el futuro.<\/p>\n<p>Quiz\u00e1s pueda parecer que beneficia a todos, pero cuando el sistema de mercado el\u00e9ctrico se basa en el precio marginal, en una situaci\u00f3n de gran penetraci\u00f3n de almacenamiento el\u00e9ctrico, quienes podr\u00edan salir perdiendo son aquellos que producen a coste muy bajo pero que reciben el precio m\u00e1s alto, precio, que en nuestro sistema, es el que se paga a todas las tecnolog\u00edas.<\/p>\n<p>Gracias<\/p>\n<h6>El equipo de energ\u00eda.<\/h6>\n","protected":false},"excerpt":{"rendered":"<p>Almacenar energ\u00eda\u00a0 no es dif\u00edcil, lo dif\u00edcil es hacerlo durante suficiente tiempo y con una buena eficiencia. Una presa, como ejemplo, es un sistema de almacenamiento de energ\u00eda, cuando el agua llega a la cota superior por medios naturales, la eficiencia con la que se obtiene energ\u00eda es alta, y solo contar\u00e1 como p\u00e9rdida la del sistema de producci\u00f3n y transporte. Cuando ese agua ha llegado a la cota de trabajo por un rebombeo, usando energ\u00edas renovables o de otra&hellip;<\/p>\n","protected":false},"author":4,"featured_media":0,"comment_status":"closed","ping_status":"closed","sticky":false,"template":"","format":"standard","meta":{"footnotes":""},"categories":[3],"tags":[43,10,41,13,8,15,14,12,42,11],"class_list":["post-199","post","type-post","status-publish","format-standard","hentry","category-energia","tag-aerogeneradores","tag-almacenamiento","tag-bombear","tag-electrico","tag-energia","tag-precio","tag-rentable","tag-sistema","tag-sol","tag-tecnologias"],"yoast_head":"<!-- This site is optimized with the Yoast SEO plugin v27.0 - https:\/\/yoast.com\/product\/yoast-seo-wordpress\/ -->\n<title>Almacenamiento energ\u00e9tico - Energ\u00eda.es<\/title>\n<meta name=\"description\" content=\"Almacenamiento energ\u00e9tico\" \/>\n<meta name=\"robots\" content=\"index, follow, max-snippet:-1, max-image-preview:large, max-video-preview:-1\" \/>\n<link rel=\"canonical\" href=\"https:\/\/www.energia.es\/?p=199\" \/>\n<meta property=\"og:locale\" content=\"es_ES\" \/>\n<meta property=\"og:type\" content=\"article\" \/>\n<meta property=\"og:title\" content=\"Almacenamiento energ\u00e9tico - Energ\u00eda.es\" \/>\n<meta property=\"og:description\" content=\"Almacenamiento energ\u00e9tico\" \/>\n<meta property=\"og:url\" content=\"https:\/\/www.energia.es\/?p=199\" \/>\n<meta property=\"og:site_name\" content=\"Energ\u00eda.es\" \/>\n<meta property=\"article:published_time\" content=\"2025-10-27T12:22:56+00:00\" \/>\n<meta property=\"article:modified_time\" content=\"2025-10-27T12:22:58+00:00\" \/>\n<meta name=\"author\" content=\"Luis Angel Fraga Cabet\" \/>\n<meta name=\"twitter:card\" content=\"summary_large_image\" \/>\n<meta name=\"twitter:label1\" content=\"Escrito por\" \/>\n\t<meta name=\"twitter:data1\" content=\"Luis Angel Fraga Cabet\" \/>\n\t<meta name=\"twitter:label2\" content=\"Tiempo de lectura\" \/>\n\t<meta name=\"twitter:data2\" content=\"4 minutos\" \/>\n<script type=\"application\/ld+json\" class=\"yoast-schema-graph\">{\"@context\":\"https:\/\/schema.org\",\"@graph\":[{\"@type\":\"Article\",\"@id\":\"https:\/\/www.energia.es\/?p=199#article\",\"isPartOf\":{\"@id\":\"https:\/\/www.energia.es\/?p=199\"},\"author\":{\"name\":\"Luis Angel Fraga Cabet\",\"@id\":\"https:\/\/www.energia.es\/#\/schema\/person\/3246d3bb858d593ecf12737cab6ac309\"},\"headline\":\"Almacenamiento energ\u00e9tico\",\"datePublished\":\"2025-10-27T12:22:56+00:00\",\"dateModified\":\"2025-10-27T12:22:58+00:00\",\"mainEntityOfPage\":{\"@id\":\"https:\/\/www.energia.es\/?p=199\"},\"wordCount\":748,\"keywords\":[\"aerogeneradores\",\"Almacenamiento\",\"bombear\",\"el\u00e9ctrico\",\"energ\u00eda\",\"precio\",\"rentable\",\"sistema\",\"sol\",\"tecnolog\u00edas\"],\"articleSection\":[\"Energ\u00eda\"],\"inLanguage\":\"es\"},{\"@type\":\"WebPage\",\"@id\":\"https:\/\/www.energia.es\/?p=199\",\"url\":\"https:\/\/www.energia.es\/?p=199\",\"name\":\"Almacenamiento energ\u00e9tico - Energ\u00eda.es\",\"isPartOf\":{\"@id\":\"https:\/\/www.energia.es\/#website\"},\"datePublished\":\"2025-10-27T12:22:56+00:00\",\"dateModified\":\"2025-10-27T12:22:58+00:00\",\"author\":{\"@id\":\"https:\/\/www.energia.es\/#\/schema\/person\/3246d3bb858d593ecf12737cab6ac309\"},\"description\":\"Almacenamiento energ\u00e9tico\",\"breadcrumb\":{\"@id\":\"https:\/\/www.energia.es\/?p=199#breadcrumb\"},\"inLanguage\":\"es\",\"potentialAction\":[{\"@type\":\"ReadAction\",\"target\":[\"https:\/\/www.energia.es\/?p=199\"]}]},{\"@type\":\"BreadcrumbList\",\"@id\":\"https:\/\/www.energia.es\/?p=199#breadcrumb\",\"itemListElement\":[{\"@type\":\"ListItem\",\"position\":1,\"name\":\"Portada\",\"item\":\"https:\/\/www.energia.es\/\"},{\"@type\":\"ListItem\",\"position\":2,\"name\":\"Almacenamiento energ\u00e9tico\"}]},{\"@type\":\"WebSite\",\"@id\":\"https:\/\/www.energia.es\/#website\",\"url\":\"https:\/\/www.energia.es\/\",\"name\":\"Energ\u00eda.es\",\"description\":\"Servicios de ingenier\u00eda\",\"potentialAction\":[{\"@type\":\"SearchAction\",\"target\":{\"@type\":\"EntryPoint\",\"urlTemplate\":\"https:\/\/www.energia.es\/?s={search_term_string}\"},\"query-input\":{\"@type\":\"PropertyValueSpecification\",\"valueRequired\":true,\"valueName\":\"search_term_string\"}}],\"inLanguage\":\"es\"},{\"@type\":\"Person\",\"@id\":\"https:\/\/www.energia.es\/#\/schema\/person\/3246d3bb858d593ecf12737cab6ac309\",\"name\":\"Luis Angel Fraga Cabet\",\"image\":{\"@type\":\"ImageObject\",\"inLanguage\":\"es\",\"@id\":\"https:\/\/www.energia.es\/#\/schema\/person\/image\/\",\"url\":\"https:\/\/secure.gravatar.com\/avatar\/3e9e20fb1e40d946f5abff0c9141bd8c0c9efe6bef0abd8869e343f40ecb7f8b?s=96&d=mm&r=g\",\"contentUrl\":\"https:\/\/secure.gravatar.com\/avatar\/3e9e20fb1e40d946f5abff0c9141bd8c0c9efe6bef0abd8869e343f40ecb7f8b?s=96&d=mm&r=g\",\"caption\":\"Luis Angel Fraga Cabet\"},\"sameAs\":[\"http:\/\/www.energia.es\"],\"url\":\"https:\/\/www.energia.es\/?author=4\"}]}<\/script>\n<!-- \/ Yoast SEO plugin. -->","yoast_head_json":{"title":"Almacenamiento energ\u00e9tico - Energ\u00eda.es","description":"Almacenamiento energ\u00e9tico","robots":{"index":"index","follow":"follow","max-snippet":"max-snippet:-1","max-image-preview":"max-image-preview:large","max-video-preview":"max-video-preview:-1"},"canonical":"https:\/\/www.energia.es\/?p=199","og_locale":"es_ES","og_type":"article","og_title":"Almacenamiento energ\u00e9tico - Energ\u00eda.es","og_description":"Almacenamiento energ\u00e9tico","og_url":"https:\/\/www.energia.es\/?p=199","og_site_name":"Energ\u00eda.es","article_published_time":"2025-10-27T12:22:56+00:00","article_modified_time":"2025-10-27T12:22:58+00:00","author":"Luis Angel Fraga Cabet","twitter_card":"summary_large_image","twitter_misc":{"Escrito por":"Luis Angel Fraga Cabet","Tiempo de lectura":"4 minutos"},"schema":{"@context":"https:\/\/schema.org","@graph":[{"@type":"Article","@id":"https:\/\/www.energia.es\/?p=199#article","isPartOf":{"@id":"https:\/\/www.energia.es\/?p=199"},"author":{"name":"Luis Angel Fraga Cabet","@id":"https:\/\/www.energia.es\/#\/schema\/person\/3246d3bb858d593ecf12737cab6ac309"},"headline":"Almacenamiento energ\u00e9tico","datePublished":"2025-10-27T12:22:56+00:00","dateModified":"2025-10-27T12:22:58+00:00","mainEntityOfPage":{"@id":"https:\/\/www.energia.es\/?p=199"},"wordCount":748,"keywords":["aerogeneradores","Almacenamiento","bombear","el\u00e9ctrico","energ\u00eda","precio","rentable","sistema","sol","tecnolog\u00edas"],"articleSection":["Energ\u00eda"],"inLanguage":"es"},{"@type":"WebPage","@id":"https:\/\/www.energia.es\/?p=199","url":"https:\/\/www.energia.es\/?p=199","name":"Almacenamiento energ\u00e9tico - Energ\u00eda.es","isPartOf":{"@id":"https:\/\/www.energia.es\/#website"},"datePublished":"2025-10-27T12:22:56+00:00","dateModified":"2025-10-27T12:22:58+00:00","author":{"@id":"https:\/\/www.energia.es\/#\/schema\/person\/3246d3bb858d593ecf12737cab6ac309"},"description":"Almacenamiento energ\u00e9tico","breadcrumb":{"@id":"https:\/\/www.energia.es\/?p=199#breadcrumb"},"inLanguage":"es","potentialAction":[{"@type":"ReadAction","target":["https:\/\/www.energia.es\/?p=199"]}]},{"@type":"BreadcrumbList","@id":"https:\/\/www.energia.es\/?p=199#breadcrumb","itemListElement":[{"@type":"ListItem","position":1,"name":"Portada","item":"https:\/\/www.energia.es\/"},{"@type":"ListItem","position":2,"name":"Almacenamiento energ\u00e9tico"}]},{"@type":"WebSite","@id":"https:\/\/www.energia.es\/#website","url":"https:\/\/www.energia.es\/","name":"Energ\u00eda.es","description":"Servicios de ingenier\u00eda","potentialAction":[{"@type":"SearchAction","target":{"@type":"EntryPoint","urlTemplate":"https:\/\/www.energia.es\/?s={search_term_string}"},"query-input":{"@type":"PropertyValueSpecification","valueRequired":true,"valueName":"search_term_string"}}],"inLanguage":"es"},{"@type":"Person","@id":"https:\/\/www.energia.es\/#\/schema\/person\/3246d3bb858d593ecf12737cab6ac309","name":"Luis Angel Fraga Cabet","image":{"@type":"ImageObject","inLanguage":"es","@id":"https:\/\/www.energia.es\/#\/schema\/person\/image\/","url":"https:\/\/secure.gravatar.com\/avatar\/3e9e20fb1e40d946f5abff0c9141bd8c0c9efe6bef0abd8869e343f40ecb7f8b?s=96&d=mm&r=g","contentUrl":"https:\/\/secure.gravatar.com\/avatar\/3e9e20fb1e40d946f5abff0c9141bd8c0c9efe6bef0abd8869e343f40ecb7f8b?s=96&d=mm&r=g","caption":"Luis Angel Fraga Cabet"},"sameAs":["http:\/\/www.energia.es"],"url":"https:\/\/www.energia.es\/?author=4"}]}},"_links":{"self":[{"href":"https:\/\/www.energia.es\/index.php?rest_route=\/wp\/v2\/posts\/199","targetHints":{"allow":["GET"]}}],"collection":[{"href":"https:\/\/www.energia.es\/index.php?rest_route=\/wp\/v2\/posts"}],"about":[{"href":"https:\/\/www.energia.es\/index.php?rest_route=\/wp\/v2\/types\/post"}],"author":[{"embeddable":true,"href":"https:\/\/www.energia.es\/index.php?rest_route=\/wp\/v2\/users\/4"}],"replies":[{"embeddable":true,"href":"https:\/\/www.energia.es\/index.php?rest_route=%2Fwp%2Fv2%2Fcomments&post=199"}],"version-history":[{"count":4,"href":"https:\/\/www.energia.es\/index.php?rest_route=\/wp\/v2\/posts\/199\/revisions"}],"predecessor-version":[{"id":624,"href":"https:\/\/www.energia.es\/index.php?rest_route=\/wp\/v2\/posts\/199\/revisions\/624"}],"wp:attachment":[{"href":"https:\/\/www.energia.es\/index.php?rest_route=%2Fwp%2Fv2%2Fmedia&parent=199"}],"wp:term":[{"taxonomy":"category","embeddable":true,"href":"https:\/\/www.energia.es\/index.php?rest_route=%2Fwp%2Fv2%2Fcategories&post=199"},{"taxonomy":"post_tag","embeddable":true,"href":"https:\/\/www.energia.es\/index.php?rest_route=%2Fwp%2Fv2%2Ftags&post=199"}],"curies":[{"name":"wp","href":"https:\/\/api.w.org\/{rel}","templated":true}]}}