{"id":54,"date":"2025-10-27T12:34:06","date_gmt":"2025-10-27T10:34:06","guid":{"rendered":"http:\/\/www.energia.es\/wordpress\/?p=54"},"modified":"2025-10-27T12:34:08","modified_gmt":"2025-10-27T10:34:08","slug":"sobre-el-autoconsumo","status":"publish","type":"post","link":"https:\/\/www.energia.es\/?p=54","title":{"rendered":"Sobre el autoconsumo"},"content":{"rendered":"<p>Numerosos pa\u00edses est\u00e1n regulando el autoconsumo energ\u00e9tico.<\/p>\n<p>Existen diferentes variedades, en algunos lugares la energ\u00eda sobrante se puede inyectar sin o con beneficios para el productor.<\/p>\n<p>Estos beneficios pueden ir en forma de ingresos monetarios o en forma de banqueo energ\u00e9tico, guardando durante un tiempo la energ\u00eda inyectada para ser usada cuando se necesite posteriormente y no se produzca la suficiente.<\/p>\n<p>Esta compensaci\u00f3n puede ser 1:1 o, como parece m\u00e1s l\u00f3gico, 1:X, dependiendo X de cuando se consuma esa energ\u00eda (periodos tarifarios).<\/p>\n<p>Otros lugares la energ\u00eda sobrante se inyecta sin contraprestaci\u00f3n, ni monetaria ni en forma de banqueo.<\/p>\n<p>Esto hace que las instalaciones se ajusten m\u00e1s a los consumos del autoproductor, intentando minimizar la inyecci\u00f3n de sobrantes.<\/p>\n<p>Para solventar este problema existe la opci\u00f3n de almacenamiento de esos sobrantes para as\u00ed no inyectar nada a la red, el problema viene del precio del equipamiento necesario, las bater\u00edas y la aparamenta relacionada suele ser cara, y hay que hacer los n\u00fameros muy bien para asegurarse del plazo de retorno de la inversi\u00f3n.<\/p>\n<p><!--more--><\/p>\n<p>Existen pa\u00edses donde se penaliza la inyecci\u00f3n o simplemente no se permite, hablamos de los sistemas de inyecci\u00f3n cero, consiste b\u00e1sicamente en\u00a0impedir que el autoproductor inyecte, en ning\u00fan momento, energ\u00eda al sistema.<\/p>\n<p>Esto penaliza seriamente el coste de la instalaci\u00f3n y su plazo de amortizaci\u00f3n, porque generalmente hay que instalar m\u00e1s equipamiento para asegurar la inyecci\u00f3n cero, ya sea para bajar o anular la producci\u00f3n de los inversores o bien para adquirir bater\u00edas que almacenen el sobrante de energ\u00eda.<\/p>\n<p>Y finalmente tenemos un caso m\u00e1s, pa\u00edses donde se penaliza el autoconsumo, donde se ponen trabas a los autoproductores que adem\u00e1s est\u00e1n conectados a la red y se les cierra la posibilidad de cualquier tipo de banqueo e incluso la posibilidad de instalaci\u00f3n de bater\u00edas para no desperdiciar la energ\u00eda producida.<\/p>\n<p>En estos pa\u00edses, claramente existen intereses ajenos a los\u00a0de los consumidores que impiden el desarrollo de este tipo de econom\u00eda.<\/p>\n<p>En Europa y Am\u00e9rica, de forma general se est\u00e1 apostando por las renovables y se legisla para que el autoconsumo sea una realidad.<\/p>\n<p>Finalmente, dejamos aqu\u00ed un gr\u00e1fico de una instalaci\u00f3n solar de 1kW instalada a 30\u00ba sobre tejado en Madrid.<\/p>\n<p>La potencia contratada es de 5kW.<\/p>\n<p>La gr\u00e1fica se actualiza cada d\u00eda seg\u00fan el modelo de a\u00f1o promedio de Meteonorm.<\/p>\n<p>[visualizer id=\u00bb285&#8243;]<\/p>\n<p>En Espa\u00f1a, con una potencia peque\u00f1a instalada, se puede ver qu\u00e9 tipo de ahorro se puede conseguir.<\/p>\n<p>Gracias<\/p>\n<h6><\/h6>\n<p>El equipo de energ\u00eda<\/p>\n","protected":false},"excerpt":{"rendered":"<p>Numerosos pa\u00edses est\u00e1n regulando el autoconsumo energ\u00e9tico. Existen diferentes variedades, en algunos lugares la energ\u00eda sobrante se puede inyectar sin o con beneficios para el productor. Estos beneficios pueden ir en forma de ingresos monetarios o en forma de banqueo energ\u00e9tico, guardando durante un tiempo la energ\u00eda inyectada para ser usada cuando se necesite posteriormente y no se produzca la suficiente. Esta compensaci\u00f3n puede ser 1:1 o, como parece m\u00e1s l\u00f3gico, 1:X, dependiendo X de cuando se consuma esa energ\u00eda&hellip;<\/p>\n","protected":false},"author":4,"featured_media":0,"comment_status":"closed","ping_status":"closed","sticky":false,"template":"","format":"standard","meta":{"footnotes":""},"categories":[3],"tags":[19,10,7,37,8,9,35,40,38,30,39],"class_list":["post-54","post","type-post","status-publish","format-standard","hentry","category-energia","tag-ahorro","tag-almacenamiento","tag-autoconsumo","tag-bateria","tag-energia","tag-espana","tag-inversion","tag-inversores","tag-kw","tag-kwh","tag-retorno"],"yoast_head":"<!-- This site is optimized with the Yoast SEO plugin v27.0 - https:\/\/yoast.com\/product\/yoast-seo-wordpress\/ -->\n<title>Sobre el autoconsumo - Energ\u00eda.es<\/title>\n<meta name=\"description\" content=\"Autoconsumo energ\u00eda Espa\u00f1a\" \/>\n<meta name=\"robots\" content=\"index, follow, max-snippet:-1, max-image-preview:large, max-video-preview:-1\" \/>\n<link rel=\"canonical\" href=\"https:\/\/www.energia.es\/?p=54\" \/>\n<meta property=\"og:locale\" content=\"es_ES\" \/>\n<meta property=\"og:type\" content=\"article\" \/>\n<meta property=\"og:title\" content=\"Sobre el autoconsumo - Energ\u00eda.es\" \/>\n<meta property=\"og:description\" content=\"Autoconsumo energ\u00eda Espa\u00f1a\" \/>\n<meta property=\"og:url\" content=\"https:\/\/www.energia.es\/?p=54\" \/>\n<meta property=\"og:site_name\" content=\"Energ\u00eda.es\" \/>\n<meta property=\"article:published_time\" content=\"2025-10-27T10:34:06+00:00\" \/>\n<meta property=\"article:modified_time\" content=\"2025-10-27T10:34:08+00:00\" \/>\n<meta name=\"author\" content=\"Luis Angel Fraga Cabet\" \/>\n<meta name=\"twitter:card\" content=\"summary_large_image\" \/>\n<meta name=\"twitter:label1\" content=\"Escrito por\" \/>\n\t<meta name=\"twitter:data1\" content=\"Luis Angel Fraga Cabet\" \/>\n\t<meta name=\"twitter:label2\" content=\"Tiempo de lectura\" \/>\n\t<meta name=\"twitter:data2\" content=\"2 minutos\" \/>\n<script type=\"application\/ld+json\" class=\"yoast-schema-graph\">{\"@context\":\"https:\/\/schema.org\",\"@graph\":[{\"@type\":\"Article\",\"@id\":\"https:\/\/www.energia.es\/?p=54#article\",\"isPartOf\":{\"@id\":\"https:\/\/www.energia.es\/?p=54\"},\"author\":{\"name\":\"Luis Angel Fraga Cabet\",\"@id\":\"https:\/\/www.energia.es\/#\/schema\/person\/3246d3bb858d593ecf12737cab6ac309\"},\"headline\":\"Sobre el autoconsumo\",\"datePublished\":\"2025-10-27T10:34:06+00:00\",\"dateModified\":\"2025-10-27T10:34:08+00:00\",\"mainEntityOfPage\":{\"@id\":\"https:\/\/www.energia.es\/?p=54\"},\"wordCount\":459,\"keywords\":[\"ahorro\",\"Almacenamiento\",\"Autoconsumo\",\"bater\u00eda\",\"energ\u00eda\",\"Espa\u00f1a\",\"inversi\u00f3n\",\"inversores\",\"kW\",\"kWh\",\"retorno\"],\"articleSection\":[\"Energ\u00eda\"],\"inLanguage\":\"es\"},{\"@type\":\"WebPage\",\"@id\":\"https:\/\/www.energia.es\/?p=54\",\"url\":\"https:\/\/www.energia.es\/?p=54\",\"name\":\"Sobre el autoconsumo - Energ\u00eda.es\",\"isPartOf\":{\"@id\":\"https:\/\/www.energia.es\/#website\"},\"datePublished\":\"2025-10-27T10:34:06+00:00\",\"dateModified\":\"2025-10-27T10:34:08+00:00\",\"author\":{\"@id\":\"https:\/\/www.energia.es\/#\/schema\/person\/3246d3bb858d593ecf12737cab6ac309\"},\"description\":\"Autoconsumo energ\u00eda Espa\u00f1a\",\"breadcrumb\":{\"@id\":\"https:\/\/www.energia.es\/?p=54#breadcrumb\"},\"inLanguage\":\"es\",\"potentialAction\":[{\"@type\":\"ReadAction\",\"target\":[\"https:\/\/www.energia.es\/?p=54\"]}]},{\"@type\":\"BreadcrumbList\",\"@id\":\"https:\/\/www.energia.es\/?p=54#breadcrumb\",\"itemListElement\":[{\"@type\":\"ListItem\",\"position\":1,\"name\":\"Portada\",\"item\":\"https:\/\/www.energia.es\/\"},{\"@type\":\"ListItem\",\"position\":2,\"name\":\"Sobre el autoconsumo\"}]},{\"@type\":\"WebSite\",\"@id\":\"https:\/\/www.energia.es\/#website\",\"url\":\"https:\/\/www.energia.es\/\",\"name\":\"Energ\u00eda.es\",\"description\":\"Servicios de ingenier\u00eda\",\"potentialAction\":[{\"@type\":\"SearchAction\",\"target\":{\"@type\":\"EntryPoint\",\"urlTemplate\":\"https:\/\/www.energia.es\/?s={search_term_string}\"},\"query-input\":{\"@type\":\"PropertyValueSpecification\",\"valueRequired\":true,\"valueName\":\"search_term_string\"}}],\"inLanguage\":\"es\"},{\"@type\":\"Person\",\"@id\":\"https:\/\/www.energia.es\/#\/schema\/person\/3246d3bb858d593ecf12737cab6ac309\",\"name\":\"Luis Angel Fraga Cabet\",\"image\":{\"@type\":\"ImageObject\",\"inLanguage\":\"es\",\"@id\":\"https:\/\/www.energia.es\/#\/schema\/person\/image\/\",\"url\":\"https:\/\/secure.gravatar.com\/avatar\/3e9e20fb1e40d946f5abff0c9141bd8c0c9efe6bef0abd8869e343f40ecb7f8b?s=96&d=mm&r=g\",\"contentUrl\":\"https:\/\/secure.gravatar.com\/avatar\/3e9e20fb1e40d946f5abff0c9141bd8c0c9efe6bef0abd8869e343f40ecb7f8b?s=96&d=mm&r=g\",\"caption\":\"Luis Angel Fraga Cabet\"},\"sameAs\":[\"http:\/\/www.energia.es\"],\"url\":\"https:\/\/www.energia.es\/?author=4\"}]}<\/script>\n<!-- \/ Yoast SEO plugin. -->","yoast_head_json":{"title":"Sobre el autoconsumo - Energ\u00eda.es","description":"Autoconsumo energ\u00eda Espa\u00f1a","robots":{"index":"index","follow":"follow","max-snippet":"max-snippet:-1","max-image-preview":"max-image-preview:large","max-video-preview":"max-video-preview:-1"},"canonical":"https:\/\/www.energia.es\/?p=54","og_locale":"es_ES","og_type":"article","og_title":"Sobre el autoconsumo - Energ\u00eda.es","og_description":"Autoconsumo energ\u00eda Espa\u00f1a","og_url":"https:\/\/www.energia.es\/?p=54","og_site_name":"Energ\u00eda.es","article_published_time":"2025-10-27T10:34:06+00:00","article_modified_time":"2025-10-27T10:34:08+00:00","author":"Luis Angel Fraga Cabet","twitter_card":"summary_large_image","twitter_misc":{"Escrito por":"Luis Angel Fraga Cabet","Tiempo de lectura":"2 minutos"},"schema":{"@context":"https:\/\/schema.org","@graph":[{"@type":"Article","@id":"https:\/\/www.energia.es\/?p=54#article","isPartOf":{"@id":"https:\/\/www.energia.es\/?p=54"},"author":{"name":"Luis Angel Fraga Cabet","@id":"https:\/\/www.energia.es\/#\/schema\/person\/3246d3bb858d593ecf12737cab6ac309"},"headline":"Sobre el autoconsumo","datePublished":"2025-10-27T10:34:06+00:00","dateModified":"2025-10-27T10:34:08+00:00","mainEntityOfPage":{"@id":"https:\/\/www.energia.es\/?p=54"},"wordCount":459,"keywords":["ahorro","Almacenamiento","Autoconsumo","bater\u00eda","energ\u00eda","Espa\u00f1a","inversi\u00f3n","inversores","kW","kWh","retorno"],"articleSection":["Energ\u00eda"],"inLanguage":"es"},{"@type":"WebPage","@id":"https:\/\/www.energia.es\/?p=54","url":"https:\/\/www.energia.es\/?p=54","name":"Sobre el autoconsumo - Energ\u00eda.es","isPartOf":{"@id":"https:\/\/www.energia.es\/#website"},"datePublished":"2025-10-27T10:34:06+00:00","dateModified":"2025-10-27T10:34:08+00:00","author":{"@id":"https:\/\/www.energia.es\/#\/schema\/person\/3246d3bb858d593ecf12737cab6ac309"},"description":"Autoconsumo energ\u00eda Espa\u00f1a","breadcrumb":{"@id":"https:\/\/www.energia.es\/?p=54#breadcrumb"},"inLanguage":"es","potentialAction":[{"@type":"ReadAction","target":["https:\/\/www.energia.es\/?p=54"]}]},{"@type":"BreadcrumbList","@id":"https:\/\/www.energia.es\/?p=54#breadcrumb","itemListElement":[{"@type":"ListItem","position":1,"name":"Portada","item":"https:\/\/www.energia.es\/"},{"@type":"ListItem","position":2,"name":"Sobre el autoconsumo"}]},{"@type":"WebSite","@id":"https:\/\/www.energia.es\/#website","url":"https:\/\/www.energia.es\/","name":"Energ\u00eda.es","description":"Servicios de ingenier\u00eda","potentialAction":[{"@type":"SearchAction","target":{"@type":"EntryPoint","urlTemplate":"https:\/\/www.energia.es\/?s={search_term_string}"},"query-input":{"@type":"PropertyValueSpecification","valueRequired":true,"valueName":"search_term_string"}}],"inLanguage":"es"},{"@type":"Person","@id":"https:\/\/www.energia.es\/#\/schema\/person\/3246d3bb858d593ecf12737cab6ac309","name":"Luis Angel Fraga Cabet","image":{"@type":"ImageObject","inLanguage":"es","@id":"https:\/\/www.energia.es\/#\/schema\/person\/image\/","url":"https:\/\/secure.gravatar.com\/avatar\/3e9e20fb1e40d946f5abff0c9141bd8c0c9efe6bef0abd8869e343f40ecb7f8b?s=96&d=mm&r=g","contentUrl":"https:\/\/secure.gravatar.com\/avatar\/3e9e20fb1e40d946f5abff0c9141bd8c0c9efe6bef0abd8869e343f40ecb7f8b?s=96&d=mm&r=g","caption":"Luis Angel Fraga Cabet"},"sameAs":["http:\/\/www.energia.es"],"url":"https:\/\/www.energia.es\/?author=4"}]}},"_links":{"self":[{"href":"https:\/\/www.energia.es\/index.php?rest_route=\/wp\/v2\/posts\/54","targetHints":{"allow":["GET"]}}],"collection":[{"href":"https:\/\/www.energia.es\/index.php?rest_route=\/wp\/v2\/posts"}],"about":[{"href":"https:\/\/www.energia.es\/index.php?rest_route=\/wp\/v2\/types\/post"}],"author":[{"embeddable":true,"href":"https:\/\/www.energia.es\/index.php?rest_route=\/wp\/v2\/users\/4"}],"replies":[{"embeddable":true,"href":"https:\/\/www.energia.es\/index.php?rest_route=%2Fwp%2Fv2%2Fcomments&post=54"}],"version-history":[{"count":3,"href":"https:\/\/www.energia.es\/index.php?rest_route=\/wp\/v2\/posts\/54\/revisions"}],"predecessor-version":[{"id":625,"href":"https:\/\/www.energia.es\/index.php?rest_route=\/wp\/v2\/posts\/54\/revisions\/625"}],"wp:attachment":[{"href":"https:\/\/www.energia.es\/index.php?rest_route=%2Fwp%2Fv2%2Fmedia&parent=54"}],"wp:term":[{"taxonomy":"category","embeddable":true,"href":"https:\/\/www.energia.es\/index.php?rest_route=%2Fwp%2Fv2%2Fcategories&post=54"},{"taxonomy":"post_tag","embeddable":true,"href":"https:\/\/www.energia.es\/index.php?rest_route=%2Fwp%2Fv2%2Ftags&post=54"}],"curies":[{"name":"wp","href":"https:\/\/api.w.org\/{rel}","templated":true}]}}